{"id":257,"date":"2021-03-11T12:39:44","date_gmt":"2021-03-11T12:39:44","guid":{"rendered":"https:\/\/www.laoca.es\/blog\/?p=257"},"modified":"2023-12-18T19:23:58","modified_gmt":"2023-12-18T19:23:58","slug":"un-viejo-granero-de-302-m%c2%b2-convertido-en-un-moderno-loft-en-paris","status":"publish","type":"post","link":"https:\/\/www.laoca.es\/blog\/un-viejo-granero-de-302-m%c2%b2-convertido-en-un-moderno-loft-en-paris\/","title":{"rendered":"Un viejo granero de 302 m\u00b2 convertido en un moderno loft en Paris"},"content":{"rendered":"\n<p>Hoy os traemos un viejo granero convertido en un bonito loft. Combina a la perfecci\u00f3n muchas de las tendencias de ahora creando as\u00ed una estancia \u00fanica y de la que coger muchas ideas. <\/p>\n\n\n\n<br>\n<br>\n<p>Hoy os traemos un post para inspiraros. Un bonito loft de Paris en el que se juntan a la perfecci&oacute;n muchas de las tendencias de ahora creando as&iacute; una estancia &uacute;nica y de la que coger muchas ideas.<\/p>\n<p>Esta casa situada muy cerca de la capital francesa y es fruto de un proyecto complicado y a la vez apasionante como es convertir en una casa (y as&iacute; de bonita) un <strong>viejo granero de 320 m&sup2;.<\/strong><\/p>\n<p>Sus propietarios han querido <strong>aprovechar al m&aacute;ximo el espacio del mismo para crear un moderno loft<\/strong>. Adem&aacute;s, las caracter&iacute;sticas de la propia construcci&oacute;n hacen que esta casa brille con luz propia; los techos altos, la luz, los grandes espacios abiertos&hellip; &iexcl;Nos ha encantado!<\/p>\n<br>\n<br>\n<!-- INICIO: 1 IMAGEN-->\n\n\n\n\n<figure class=\"wp-block-image size-full\"><img loading=\"lazy\" decoding=\"async\" width=\"900\" height=\"600\" src=\"https:\/\/www.laoca.es\/blog\/wp-content\/uploads\/2023\/10\/Granero_2.jpg\" alt=\"\" class=\"wp-image-259\" srcset=\"https:\/\/www.laoca.es\/blog\/wp-content\/uploads\/2023\/10\/Granero_2.jpg 900w, https:\/\/www.laoca.es\/blog\/wp-content\/uploads\/2023\/10\/Granero_2-300x200.jpg 300w, https:\/\/www.laoca.es\/blog\/wp-content\/uploads\/2023\/10\/Granero_2-768x512.jpg 768w\" sizes=\"auto, (max-width: 900px) 100vw, 900px\" \/><\/figure>\n\n\n\n<br>\n<p class=\"text-center\">\n<span style=\"padding: 0.5rem 0px 0px; margin: 0px 0px 1.5625rem; font-weight: 100; font-style: italic; text-align: center; color: rgb(153, 153, 153);\">Fuente: Planete Deco<\/span><\/p>\n\n<!-- FIN: 1 IMAGEN-->\n<br>\n<br>\n<p>Para resumir antes de entrar en detalle con cada elemento decorativo,<strong> definir&iacute;a el estilo de este loft como templado y alejado del estilo industrial <\/strong>que seguramente hubiera sido el m&aacute;s obvio para la localizaci&oacute;n. No has recordado mucho a una de las localizaciones de nuestro cat&aacute;logo 18\/19. &iquest;A ti tambi&eacute;n?<\/p>\n<br>\n<br>\n<!-- INICIO: 2 IM\u00c1GENES-->\n\n\n\n\n<figure class=\"wp-block-image aligncenter size-full\"><img loading=\"lazy\" decoding=\"async\" width=\"600\" height=\"900\" src=\"https:\/\/www.laoca.es\/blog\/wp-content\/uploads\/2023\/10\/Granero_3.jpg\" alt=\"\" class=\"wp-image-260\" srcset=\"https:\/\/www.laoca.es\/blog\/wp-content\/uploads\/2023\/10\/Granero_3.jpg 600w, https:\/\/www.laoca.es\/blog\/wp-content\/uploads\/2023\/10\/Granero_3-200x300.jpg 200w\" sizes=\"auto, (max-width: 600px) 100vw, 600px\" \/><\/figure>\n\n\n\n\n\n<figure class=\"wp-block-image aligncenter size-full\"><img loading=\"lazy\" decoding=\"async\" width=\"600\" height=\"900\" src=\"https:\/\/www.laoca.es\/blog\/wp-content\/uploads\/2023\/10\/Granero_4.jpg\" alt=\"\" class=\"wp-image-261\" srcset=\"https:\/\/www.laoca.es\/blog\/wp-content\/uploads\/2023\/10\/Granero_4.jpg 600w, https:\/\/www.laoca.es\/blog\/wp-content\/uploads\/2023\/10\/Granero_4-200x300.jpg 200w\" sizes=\"auto, (max-width: 600px) 100vw, 600px\" \/><\/figure>\n\n\n\n\n<!-- FIN: 2 IM\u00c1GENES-->\n<br>\n<br>\n<h2>Juega con distintos materiales<\/h2>\n<p>Como hemos comentado antes, <strong>este loft no cae en el t&iacute;pico estilo industrial <\/strong>tan utilizado en este tipo de hogares.<\/p>\n<p>Se ha optado por un<strong> estilo m&aacute;s c&aacute;lido<\/strong>, manteniendo toques rurales como las<strong> vigas o la piedra en la pared<\/strong>, con toques modernos que se aprecian en las <strong>l&aacute;mparas, la imponente mesa de centro met&aacute;lica o el parquet.<\/strong><\/p>\n<br>\n<br>\n<!-- INICIO: 3 IM\u00c1GENES-->\n\n\n\n\n<figure class=\"wp-block-image size-full\"><img loading=\"lazy\" decoding=\"async\" width=\"796\" height=\"597\" src=\"https:\/\/www.laoca.es\/blog\/wp-content\/uploads\/2023\/10\/Granero_5.jpg\" alt=\"\" class=\"wp-image-262\" srcset=\"https:\/\/www.laoca.es\/blog\/wp-content\/uploads\/2023\/10\/Granero_5.jpg 796w, https:\/\/www.laoca.es\/blog\/wp-content\/uploads\/2023\/10\/Granero_5-300x225.jpg 300w, https:\/\/www.laoca.es\/blog\/wp-content\/uploads\/2023\/10\/Granero_5-768x576.jpg 768w\" sizes=\"auto, (max-width: 796px) 100vw, 796px\" \/><\/figure>\n\n\n\n<br>\n\n\n\n<figure class=\"wp-block-image size-full\"><img loading=\"lazy\" decoding=\"async\" width=\"796\" height=\"597\" src=\"https:\/\/www.laoca.es\/blog\/wp-content\/uploads\/2023\/10\/Granero_6.jpg\" alt=\"\" class=\"wp-image-263\" srcset=\"https:\/\/www.laoca.es\/blog\/wp-content\/uploads\/2023\/10\/Granero_6.jpg 796w, https:\/\/www.laoca.es\/blog\/wp-content\/uploads\/2023\/10\/Granero_6-300x225.jpg 300w, https:\/\/www.laoca.es\/blog\/wp-content\/uploads\/2023\/10\/Granero_6-768x576.jpg 768w\" sizes=\"auto, (max-width: 796px) 100vw, 796px\" \/><\/figure>\n\n\n\n<br>\n<p class=\"text-center\">\n<span style=\"padding: 0.5rem 0px 0px; margin: 0px 0px 1.5625rem; font-weight: 100; font-style: italic; text-align: center; color: rgb(153, 153, 153);\">Fuente: Planete Deco<\/span><\/p>\n\n\n\n\n\n<figure class=\"wp-block-image size-full\"><img loading=\"lazy\" decoding=\"async\" width=\"796\" height=\"597\" src=\"https:\/\/www.laoca.es\/blog\/wp-content\/uploads\/2023\/10\/Granero_7.jpg\" alt=\"\" class=\"wp-image-264\" srcset=\"https:\/\/www.laoca.es\/blog\/wp-content\/uploads\/2023\/10\/Granero_7.jpg 796w, https:\/\/www.laoca.es\/blog\/wp-content\/uploads\/2023\/10\/Granero_7-300x225.jpg 300w, https:\/\/www.laoca.es\/blog\/wp-content\/uploads\/2023\/10\/Granero_7-768x576.jpg 768w\" sizes=\"auto, (max-width: 796px) 100vw, 796px\" \/><\/figure>\n\n\n\n\n<!-- FIN: 3 IM\u00c1GENES-->\n<br>\n<br>\n<p><strong>Ese punto r&uacute;stico tambi&eacute;n se ha utilizado en la elecci&oacute;n de la mesa de comedor,<\/strong> que lejos de desentonar con la minimalista cocina, crean un espacio s&uacute;per apetecible.<\/p>\n<p>Llama la atenci&oacute;n tambi&eacute;n la<strong> elecci&oacute;n de las sillas <\/strong>as&iacute; como el <strong>color de los sof&aacute;s.<\/strong> Es quiz&aacute;s en ellos donde s&iacute; se da ese estilo m&aacute;s industrial, pero el color de su tapicer&iacute;a lo desdibuja y, junto con las plantas de hoja verde, se crea una <strong>combinaci&oacute;n ganadora<\/strong>, llena de luz que poco tiene que ver con &eacute;l.<\/p>\n<br>\n<br>\n<!-- INICIO: 1 IMAGEN-->\n\n\n\n\n<figure class=\"wp-block-image size-full\"><img loading=\"lazy\" decoding=\"async\" width=\"900\" height=\"600\" src=\"https:\/\/www.laoca.es\/blog\/wp-content\/uploads\/2023\/10\/Granero_8.jpg\" alt=\"\" class=\"wp-image-265\" srcset=\"https:\/\/www.laoca.es\/blog\/wp-content\/uploads\/2023\/10\/Granero_8.jpg 900w, https:\/\/www.laoca.es\/blog\/wp-content\/uploads\/2023\/10\/Granero_8-300x200.jpg 300w, https:\/\/www.laoca.es\/blog\/wp-content\/uploads\/2023\/10\/Granero_8-768x512.jpg 768w\" sizes=\"auto, (max-width: 900px) 100vw, 900px\" \/><\/figure>\n\n\n\n<br>\n<p class=\"text-center\">\n<span style=\"padding: 0.5rem 0px 0px; margin: 0px 0px 1.5625rem; font-weight: 100; font-style: italic; text-align: center; color: rgb(153, 153, 153);\">Fuente: Planete Deco<\/span>\n<\/p>\n<!-- FIN: 1 IMAGEN--> <br>\n<br>\n<p><strong>Los jarrones con flores, los distintos puntos de luz y la alfombra de piel terminan de conjugar un ambiente &uacute;nico,<\/strong> que da el toque de color a las paredes blancas de este loft tan inspirador.<\/p>\n<p>Esperamos que esta parisina casa te haya servido para coger much&iacute;simas ideas para tu hogar y que te animes a <strong>visitar tu tienda La Oca m&aacute;s cercana o nuestra web<\/strong> para crear la casa de tus sue&ntilde;os. Cu&eacute;ntanos, &iquest;qu&eacute; es lo que m&aacute;s te ha gustado de este loft? <br>\n<br>\n&iexcl;Te leemos en los comentarios!<\/p>\n","protected":false},"excerpt":{"rendered":"<p>Hoy os traemos un viejo granero convertido en un bonito loft. Combina a la perfecci\u00f3n muchas de las tendencias de ahora creando as\u00ed una estancia \u00fanica y de la que coger muchas ideas. Hoy os traemos un post para inspiraros. Un bonito loft de Paris en el que se juntan a la perfecci&oacute;n muchas de [&hellip;]<\/p>\n","protected":false},"author":2,"featured_media":258,"comment_status":"closed","ping_status":"closed","sticky":false,"template":"","format":"standard","meta":{"footnotes":""},"categories":[6],"tags":[],"class_list":["post-257","post","type-post","status-publish","format-standard","has-post-thumbnail","hentry","category-estilos-y-ambientes"],"_links":{"self":[{"href":"https:\/\/www.laoca.es\/blog\/wp-json\/wp\/v2\/posts\/257","targetHints":{"allow":["GET"]}}],"collection":[{"href":"https:\/\/www.laoca.es\/blog\/wp-json\/wp\/v2\/posts"}],"about":[{"href":"https:\/\/www.laoca.es\/blog\/wp-json\/wp\/v2\/types\/post"}],"author":[{"embeddable":true,"href":"https:\/\/www.laoca.es\/blog\/wp-json\/wp\/v2\/users\/2"}],"replies":[{"embeddable":true,"href":"https:\/\/www.laoca.es\/blog\/wp-json\/wp\/v2\/comments?post=257"}],"version-history":[{"count":3,"href":"https:\/\/www.laoca.es\/blog\/wp-json\/wp\/v2\/posts\/257\/revisions"}],"predecessor-version":[{"id":786,"href":"https:\/\/www.laoca.es\/blog\/wp-json\/wp\/v2\/posts\/257\/revisions\/786"}],"wp:featuredmedia":[{"embeddable":true,"href":"https:\/\/www.laoca.es\/blog\/wp-json\/wp\/v2\/media\/258"}],"wp:attachment":[{"href":"https:\/\/www.laoca.es\/blog\/wp-json\/wp\/v2\/media?parent=257"}],"wp:term":[{"taxonomy":"category","embeddable":true,"href":"https:\/\/www.laoca.es\/blog\/wp-json\/wp\/v2\/categories?post=257"},{"taxonomy":"post_tag","embeddable":true,"href":"https:\/\/www.laoca.es\/blog\/wp-json\/wp\/v2\/tags?post=257"}],"curies":[{"name":"wp","href":"https:\/\/api.w.org\/{rel}","templated":true}]}}