{"id":324,"date":"2021-06-17T08:05:10","date_gmt":"2021-06-17T08:05:10","guid":{"rendered":"https:\/\/www.laoca.es\/blog\/?p=324"},"modified":"2024-06-17T08:08:45","modified_gmt":"2024-06-17T08:08:45","slug":"indispensables-del-verano","status":"publish","type":"post","link":"https:\/\/www.laoca.es\/blog\/indispensables-del-verano\/","title":{"rendered":"Indispensables del Verano"},"content":{"rendered":"\n<p>Por fin ha llegado el verano, la estaci\u00f3n por excelencia para disfrutar del aire libre, del sol y de las vacaciones con nuestra familia y amigos. Por ello, os traemos nuestros indispensables del verano, una selecci\u00f3n de las cosas que nos encantan y que no queremos que os perd\u00e1is. \u00a1Comenzamos!<\/p>\n\n\n\n<p> Por fin ha llegado el verano, la estaci\u00f3n por excelencia para disfrutar del aire libre, del sol y de las vacaciones con nuestra familia y amigos. Por ello, os traemos nuestros <strong>indispensables del verano<\/strong>, una selecci\u00f3n de las cosas que nos encantan y que no queremos que os perd\u00e1is. \u00a1Comenzamos! <br><br><\/p>\n\n\n\n<h2 class=\"wp-block-heading\"> Un color <\/h2>\n\n\n\n<p>El <strong>color amarillo<\/strong> o m\u00e1s concretamente el Pantone 13-0647 Illuminating, ha sido uno de los colores elegidos como el color del a\u00f1o 2021 junto al Ultimate Gray. <strong>El amarillo es un color que destaca por ser vibrante y que aporta una gran energ\u00eda positiva<\/strong>, por ello usarlo en tu decoraci\u00f3n lo llenar\u00e1 de color y alegr\u00eda tu hogar. Sobre todo, en tus exteriores el amarillo crear\u00e1 un ambiente id\u00edlico de verano del que tus seres queridos y t\u00fa no os querr\u00e9is mover.<\/p>\n\n\n\n<div class=\"row\">\n<div class=\"col-xl-6 col-lg-6 col-md-6 col-sm-12\">\n<p style=\"text-align: center;\"><\/p><\/div><\/div>\n\n\n\n<figure class=\"wp-block-image size-full\"><img loading=\"lazy\" decoding=\"async\" width=\"600\" height=\"900\" src=\"https:\/\/www.laoca.es\/blog\/wp-content\/uploads\/2023\/11\/Verano2.jpg\" alt=\"\" class=\"wp-image-326\" srcset=\"https:\/\/www.laoca.es\/blog\/wp-content\/uploads\/2023\/11\/Verano2.jpg 600w, https:\/\/www.laoca.es\/blog\/wp-content\/uploads\/2023\/11\/Verano2-200x300.jpg 200w\" sizes=\"auto, (max-width: 600px) 100vw, 600px\" \/><\/figure>\n\n\n\n<\/p>\n<\/div>\n<div class=\"col-xl-6 col-lg-6 col-md-6 col-sm-12\">\n<p style=\"text-align: center;\">\n\n\n\n<figure class=\"wp-block-image size-full\"><img loading=\"lazy\" decoding=\"async\" width=\"600\" height=\"900\" src=\"https:\/\/www.laoca.es\/blog\/wp-content\/uploads\/2023\/11\/Verano3.jpg\" alt=\"\" class=\"wp-image-327\" srcset=\"https:\/\/www.laoca.es\/blog\/wp-content\/uploads\/2023\/11\/Verano3.jpg 600w, https:\/\/www.laoca.es\/blog\/wp-content\/uploads\/2023\/11\/Verano3-200x300.jpg 200w\" sizes=\"auto, (max-width: 600px) 100vw, 600px\" \/><\/figure>\n\n\n\n<h2 class=\"wp-block-heading\"> Una tendencia <\/h2>\n\n\n\n<p><strong>Decora tu casa con plantas<\/strong>. Estos \u00faltimos a\u00f1os las tendencias en decoraci\u00f3n se han inclinado hacia un estilo m\u00e1s natural. Las plantas son una gran opci\u00f3n para decorar tanto nuestros interiores como nuestros exteriores. Una manera de embellecer tu casa que adem\u00e1s aporta bienestar, ya que <strong>aportan alegr\u00eda y purifican el aire de nuestra casa<\/strong>. Lo mejor: cualquier sitio es bueno para ponerlas, pero procura que les llegue la luz natural si quieres que se mantengan bonitas.<\/p>\n\n\n\n<div class=\"row\">\n<div class=\"col-xl-6 col-lg-6 col-md-6 col-sm-12\">\n<p style=\"text-align: center;\"><\/p><\/div><\/div>\n\n\n\n<figure class=\"wp-block-image size-full\"><img loading=\"lazy\" decoding=\"async\" width=\"600\" height=\"900\" src=\"https:\/\/www.laoca.es\/blog\/wp-content\/uploads\/2023\/11\/Verano4.jpg\" alt=\"\" class=\"wp-image-328\" srcset=\"https:\/\/www.laoca.es\/blog\/wp-content\/uploads\/2023\/11\/Verano4.jpg 600w, https:\/\/www.laoca.es\/blog\/wp-content\/uploads\/2023\/11\/Verano4-200x300.jpg 200w\" sizes=\"auto, (max-width: 600px) 100vw, 600px\" \/><\/figure>\n\n\n\n<\/p>\n<\/div>\n<div class=\"col-xl-6 col-lg-6 col-md-6 col-sm-12\">\n<p style=\"text-align: center;\">\n\n\n\n<figure class=\"wp-block-image size-full\"><img loading=\"lazy\" decoding=\"async\" width=\"600\" height=\"900\" src=\"https:\/\/www.laoca.es\/blog\/wp-content\/uploads\/2023\/11\/Verano5.jpg\" alt=\"\" class=\"wp-image-329\" srcset=\"https:\/\/www.laoca.es\/blog\/wp-content\/uploads\/2023\/11\/Verano5.jpg 600w, https:\/\/www.laoca.es\/blog\/wp-content\/uploads\/2023\/11\/Verano5-200x300.jpg 200w\" sizes=\"auto, (max-width: 600px) 100vw, 600px\" \/><\/figure>\n\n\n\n<\/p>\n<\/div>\n<\/div>\n<!-- FIN: 2 IM\u00c1GENES-->\n<br>\n<br>\n<h2> Un destino <\/h2>\n<p> Verano es la estaci&oacute;n ideal para visitar sitios y tomar el sol en un ambiente incre&iacute;ble. Por eso queremos trasladaros a Cantabria para que conozc&aacute;is un sitio muy especial. Se trata del <strong>faro del Caballo<\/strong>, un espacio situado en el <strong>acantilado del monte Buciero (R&iacute;a de Santo&ntilde;a)<\/strong>. Este id&iacute;lico lugar se construy&oacute; en 1863 y fue realizado piedra a piedra por los presos del Cuartel del Presidio de Santo&ntilde;a. La ruta comienza en el paseo mar&iacute;timo y termina en el faro con la opci&oacute;n de poder descender hasta un peque&ntilde;o para&iacute;so donde ba&ntilde;aros y bucear en aguas cristalinas. Toda una experiencia que une aventura, deporte y turismo con pura belleza terrenal. Ideal para descubrir los paisajes que ofrece nuestro pa&iacute;s.\n<\/p>\n<br>\n<br>\n<!-- INICIO: 1 IMAGEN-->\n<p class=\"text-center\">\n\n\n\n<figure class=\"wp-block-image size-full\"><img loading=\"lazy\" decoding=\"async\" width=\"900\" height=\"600\" src=\"https:\/\/www.laoca.es\/blog\/wp-content\/uploads\/2023\/11\/Verano6.jpg\" alt=\"\" class=\"wp-image-330\" srcset=\"https:\/\/www.laoca.es\/blog\/wp-content\/uploads\/2023\/11\/Verano6.jpg 900w, https:\/\/www.laoca.es\/blog\/wp-content\/uploads\/2023\/11\/Verano6-300x200.jpg 300w, https:\/\/www.laoca.es\/blog\/wp-content\/uploads\/2023\/11\/Verano6-768x512.jpg 768w\" sizes=\"auto, (max-width: 900px) 100vw, 900px\" \/><\/figure>\n\n\n\n<br>\n<span style=\"padding: 0.5rem 0px 0px; margin: 0px 0px 1.5625rem; font-weight: 100; font-style: italic; text-align: center; color: rgb(153, 153, 153);\"><p class=\"text-center\"> Foto: V&iacute;ctor M. Fernandez Mollinedo-Naturea.<\/p>\n<\/span>\n<\/p>\n<!-- FIN: 1 IMAGEN-->\n<br>\n<br>\n<h2> Una canci&oacute;n <\/h2>\n<p> <strong>Higher Power de Coldplay.<\/strong> El grupo brit&aacute;nico acaba de sacar nueva canci&oacute;n y no podr&iacute;a ser nada menos que otro <strong>temazo que seguro que os har&aacute; bailar este verano<\/strong>. Una canci&oacute;n al m&aacute;s estilo pop con peque&ntilde;os toques ochenteros que transmite mucha fuerza y energ&iacute;a.\n<\/p>\n<br>\n<br>\n<p style=\"text-align: center;\"><iframe loading=\"lazy\" width=\"560\" height=\"315\" src=\"https:\/\/www.youtube.com\/embed\/gXgf5smLEgQ\" title=\"YouTube video player\" frameborder=\"0\" allow=\"accelerometer; autoplay; clipboard-write; encrypted-media; gyroscope; picture-in-picture\" allowfullscreen=\"\"><\/iframe> <br>\n<br>\n<\/p>\n<p> Esperamos que os nuestros imprescindibles os hayas inspirado para disfrutar del verano al m&aacute;ximo. Y vosotros, &iquest;ten&eacute;is alg&uacute;n imprescindible para este verano?\n<\/p>\n","protected":false},"excerpt":{"rendered":"<p>Por fin ha llegado el verano, la estaci\u00f3n por excelencia para disfrutar del aire libre, del sol y de las vacaciones con nuestra familia y amigos. Por ello, os traemos nuestros indispensables del verano, una selecci\u00f3n de las cosas que nos encantan y que no queremos que os perd\u00e1is. \u00a1Comenzamos! Por fin ha llegado el [&hellip;]<\/p>\n","protected":false},"author":2,"featured_media":325,"comment_status":"closed","ping_status":"closed","sticky":false,"template":"","format":"standard","meta":{"footnotes":""},"categories":[8],"tags":[],"class_list":["post-324","post","type-post","status-publish","format-standard","has-post-thumbnail","hentry","category-ideas-y-consejos"],"_links":{"self":[{"href":"https:\/\/www.laoca.es\/blog\/wp-json\/wp\/v2\/posts\/324","targetHints":{"allow":["GET"]}}],"collection":[{"href":"https:\/\/www.laoca.es\/blog\/wp-json\/wp\/v2\/posts"}],"about":[{"href":"https:\/\/www.laoca.es\/blog\/wp-json\/wp\/v2\/types\/post"}],"author":[{"embeddable":true,"href":"https:\/\/www.laoca.es\/blog\/wp-json\/wp\/v2\/users\/2"}],"replies":[{"embeddable":true,"href":"https:\/\/www.laoca.es\/blog\/wp-json\/wp\/v2\/comments?post=324"}],"version-history":[{"count":4,"href":"https:\/\/www.laoca.es\/blog\/wp-json\/wp\/v2\/posts\/324\/revisions"}],"predecessor-version":[{"id":834,"href":"https:\/\/www.laoca.es\/blog\/wp-json\/wp\/v2\/posts\/324\/revisions\/834"}],"wp:featuredmedia":[{"embeddable":true,"href":"https:\/\/www.laoca.es\/blog\/wp-json\/wp\/v2\/media\/325"}],"wp:attachment":[{"href":"https:\/\/www.laoca.es\/blog\/wp-json\/wp\/v2\/media?parent=324"}],"wp:term":[{"taxonomy":"category","embeddable":true,"href":"https:\/\/www.laoca.es\/blog\/wp-json\/wp\/v2\/categories?post=324"},{"taxonomy":"post_tag","embeddable":true,"href":"https:\/\/www.laoca.es\/blog\/wp-json\/wp\/v2\/tags?post=324"}],"curies":[{"name":"wp","href":"https:\/\/api.w.org\/{rel}","templated":true}]}}